{"id":22984,"date":"2026-08-21T13:43:34","date_gmt":"2026-08-21T13:43:34","guid":{"rendered":"https:\/\/inn-vesta.com\/?p=22984"},"modified":"2026-08-21T17:40:41","modified_gmt":"2026-08-21T17:40:41","slug":"marsa-al-saadiyat-le-projet-a-100-md-aed-decrypte","status":"publish","type":"post","link":"https:\/\/inn-vesta.com\/fr\/marsa-al-saadiyat-le-projet-a-100-md-aed-decrypte\/","title":{"rendered":"Marsa Al Saadiyat : le projet \u00e0 100 Md AED d\u00e9crypt\u00e9"},"content":{"rendered":"\n<p class=\"wp-block-paragraph\">Aldar a pr\u00e9sent\u00e9 le 22 juillet 2026 Marsa Al Saadiyat, un quartier de 6,4 millions de m\u00e8tres carr\u00e9s sur l&#8217;\u00eele de Saadiyat, \u00e0 Abu Dhabi. L&#8217;enveloppe annonc\u00e9e atteint 100 milliards de dirhams et le programme pr\u00e9voit d&#8217;accueillir plus de 58 000 habitants.<\/p>\n\n\n\n<p class=\"wp-block-paragraph\">Un mois plus t\u00f4t, le 25 juin, le chantier de Dar al Funoon avait \u00e9t\u00e9 lanc\u00e9 sur le m\u00eame p\u00e9rim\u00e8tre. Cette salle de spectacle de plus de 6 000 places, dessin\u00e9e par l&#8217;agence de Frank Gehry, ouvrira en 2030.<\/p>\n\n\n\n<p class=\"wp-block-paragraph\">Les premi\u00e8res ventes r\u00e9sidentielles sont annonc\u00e9es pour le second semestre 2026. Voici ce que contient le projet, ce qu&#8217;il change pour Saadiyat, et ce qu&#8217;il faut regarder avant de se positionner sur une premi\u00e8re phase.<\/p>\n\n\n\n<h2 class=\"wp-block-heading\">Que contient le masterplan Marsa Al Saadiyat ?<\/h2>\n\n\n\n<p class=\"wp-block-paragraph\">Le projet occupe 8 kilom\u00e8tres de littoral, dont 5,6 kilom\u00e8tres de plages. Il s&#8217;organise autour d&#8217;une marina qui deviendra la plus grande de l&#8217;\u00e9mirat.<\/p>\n\n\n\n<p class=\"wp-block-paragraph\"><strong>Les composantes annonc\u00e9es par Aldar :<\/strong><\/p>\n\n\n\n<p class=\"wp-block-paragraph\"><strong>R\u00e9sidentiel<\/strong> \u00b7 Villas, appartements en bord de mer, r\u00e9sidences de marque et demeures priv\u00e9es, pour plus de 58 000 habitants \u00e0 terme.<\/p>\n\n\n\n<p class=\"wp-block-paragraph\"><strong>Marina<\/strong> \u00b7 Plus de 350 anneaux, la plus grande capacit\u00e9 d&#8217;Abu Dhabi, dimensionn\u00e9e pour les grandes unit\u00e9s.<\/p>\n\n\n\n<p class=\"wp-block-paragraph\"><strong>H\u00f4tellerie et \u00e9quipements<\/strong> \u00b7 Deux h\u00f4tels de luxe, trois \u00e9coles, commerces et restauration le long du front de mer.<\/p>\n\n\n\n<p class=\"wp-block-paragraph\"><strong>Mobilit\u00e9s douces<\/strong> \u00b7 140 kilom\u00e8tres de promenades pi\u00e9tonnes et 46 kilom\u00e8tres de pistes cyclables.<\/p>\n\n\n\n<p class=\"wp-block-paragraph\"><strong>Culture<\/strong> \u00b7 Dar al Funoon, salle de spectacle de plus de 6 000 places, implant\u00e9e dans le p\u00e9rim\u00e8tre du projet.<\/p>\n\n\n\n<p class=\"wp-block-paragraph\"><strong>Calendrier<\/strong> \u00b7 Travaux d&#8217;infrastructure au troisi\u00e8me trimestre 2026, premi\u00e8res ventes r\u00e9sidentielles au second semestre.<\/p>\n\n\n\n<p class=\"wp-block-paragraph\">Le calendrier est serr\u00e9 pour un ensemble de cette taille. Acheter d\u00e8s la premi\u00e8re phase, c&#8217;est acheter au prix de lancement, avec le choix le plus large d&#8217;unit\u00e9s et des paiements \u00e9chelonn\u00e9s pendant la construction. Vous vous positionnez avant que le quartier n&#8217;ait pris forme, sur un actif dont la valeur suit l&#8217;avancement des travaux et l&#8217;arriv\u00e9e des \u00e9quipements. Reste \u00e0 savoir dans quelle phase se situe l&#8217;unit\u00e9 propos\u00e9e et ce qui sera construit autour d&#8217;elle. C&#8217;est l\u00e0 que se joue l&#8217;essentiel, et nous y revenons plus bas.<\/p>\n\n\n\n<h2 class=\"wp-block-heading\">Ce que Dar al Funoon apporte \u00e0 Saadiyat<\/h2>\n\n\n\n<p class=\"wp-block-paragraph\">Dar al Funoon est port\u00e9e par le Department of Culture and Tourism d&#8217;Abu Dhabi. L&#8217;ensemble ouvrira en 2030 et r\u00e9unira quatre salles : une salle principale de plus de 2 000 places, un amphith\u00e9\u00e2tre de plein air de 3 500 places, un th\u00e9\u00e2tre studio de 400 places et un club de jazz de 250 places.<\/p>\n\n\n\n<p class=\"wp-block-paragraph\">Sa localisation compte autant que sa taille. La salle prend place \u00e0 l&#8217;int\u00e9rieur du p\u00e9rim\u00e8tre de Marsa Al Saadiyat, dont elle constituera le p\u00f4le culturel. Les futurs habitants du quartier vivront donc \u00e0 quelques minutes \u00e0 pied d&#8217;une programmation permanente.<\/p>\n\n\n\n<p class=\"wp-block-paragraph\">Elle rejoint une concentration d&#8217;institutions rare \u00e0 l&#8217;\u00e9chelle mondiale, r\u00e9unies sur quelques kilom\u00e8tres : le Louvre Abu Dhabi, le <a href=\"https:\/\/inn-vesta.com\/fr\/zayed-national-museum-abu-dhabi-2026\/\">Zayed National Museum<\/a> ouvert en d\u00e9cembre 2025, le Natural History Museum, teamLab Phenomena, et le Guggenheim Abu Dhabi dont l&#8217;ouverture est fix\u00e9e au 11 d\u00e9cembre 2026.<\/p>\n\n\n\n<div class=\"wp-block-group innvesta-tip-box\"><div class=\"wp-block-group__inner-container is-layout-constrained wp-block-group-is-layout-constrained\">\n    \n    <p class=\"innvesta-box-label wp-block-paragraph\">Pourquoi cela int\u00e9resse un investisseur<\/p>\n    \n\n    \n    <p class=\"wp-block-paragraph\">Un quartier qui rassemble les institutions culturelles d&#8217;un \u00e9mirat re\u00e7oit du public toute l&#8217;ann\u00e9e, et non par saison. Marsa Al Saadiyat apporte le volet r\u00e9sidentiel qui manquait \u00e0 cette offre culturelle.<\/p>\n    \n<\/div><\/div>\n\n\n\n<h2 class=\"wp-block-heading\">Que sait-on du quartier, et que ne sait-on pas encore ?<\/h2>\n\n\n\n<p class=\"wp-block-paragraph\">L&#8217;enveloppe de 100 milliards d&#8217;AED est souvent mal interpr\u00e9t\u00e9e, et il vaut la peine de la pr\u00e9ciser avant d&#8217;aller plus loin.<\/p>\n\n\n\n<div class=\"wp-block-group innvesta-warning-box\"><div class=\"wp-block-group__inner-container is-layout-constrained wp-block-group-is-layout-constrained\">\n    \n    <p class=\"innvesta-box-label wp-block-paragraph\">Ce que recouvre le chiffre<\/p>\n    \n\n    \n    <p class=\"wp-block-paragraph\">Les 100 milliards d&#8217;AED repr\u00e9sentent la valeur de d\u00e9veloppement de l&#8217;ensemble du masterplan, sur toute sa dur\u00e9e. Ce n&#8217;est pas le budget d&#8217;une premi\u00e8re tranche. Aldar n&#8217;a pas publi\u00e9 de calendrier de phasage, mais un projet de cette taille se construit habituellement sur plus de dix ans.<\/p>\n    \n<\/div><\/div>\n\n\n\n<p class=\"wp-block-paragraph\">Il faut donc bien voir ce que l&#8217;on ach\u00e8te \u00e0 ce stade. Le terrain est aujourd&#8217;hui vierge. Vous achetez un emplacement sur un plan, dans un quartier qui n&#8217;existe pas encore, et ce plan continuera d&#8217;\u00e9voluer pendant toute la construction. Les maquettes pr\u00e9sent\u00e9es au lancement donnent l&#8217;intention d&#8217;Aldar, pas l&#8217;\u00e9tat d\u00e9finitif des lieux. Ce qui sera b\u00e2ti \u00e0 c\u00f4t\u00e9 de votre immeuble, \u00e0 quelle hauteur, avec quels \u00e9quipements et \u00e0 quelle date, se pr\u00e9cisera phase apr\u00e8s phase.<\/p>\n\n\n\n<p class=\"wp-block-paragraph\">S&#8217;ajoute un effet m\u00e9canique : plus une tranche est lanc\u00e9e tard, plus sa livraison est \u00e9loign\u00e9e. Les derni\u00e8res phases d&#8217;un ensemble de cette taille sortiront de terre bien apr\u00e8s les premi\u00e8res. Une unit\u00e9 achet\u00e9e en premi\u00e8re phase et une unit\u00e9 achet\u00e9e cinq ans plus tard n&#8217;ont ni le m\u00eame horizon, ni le m\u00eame environnement au moment de la remise des cl\u00e9s.<\/p>\n\n\n\n<p class=\"wp-block-paragraph\">Rien de tout cela n&#8217;est un obstacle : c&#8217;est le fonctionnement normal d&#8217;une communaut\u00e9 planifi\u00e9e, et c&#8217;est aussi ce qui permet d&#8217;entrer au prix de lancement. Mais on n&#8217;ach\u00e8te pas ici comme on ach\u00e8te un appartement dans une tour isol\u00e9e. On ach\u00e8te une position dans une structure d&#8217;ensemble, et il faut comprendre cette structure avant de choisir la sienne.<\/p>\n\n\n\n<h2 class=\"wp-block-heading\">Faut-il viser Saadiyat plut\u00f4t que Duba\u00ef ?<\/h2>\n\n\n\n<p class=\"wp-block-paragraph\">Les deux march\u00e9s n&#8217;offrent ni la m\u00eame profondeur ni la m\u00eame logique, et la comparaison se fait sur des crit\u00e8res pr\u00e9cis.<\/p>\n\n\n\n<figure class=\"wp-block-table innvesta-article-table\"><table><thead><tr><th>Crit\u00e8re<\/th><th>Duba\u00ef<\/th><th>Saadiyat, Abu Dhabi<\/th><\/tr><\/thead><tbody><tr><td>Profondeur de march\u00e9<\/td><td>Volumes \u00e9lev\u00e9s, revente liquide<\/td><td>March\u00e9 en d\u00e9veloppement, horizon patrimonial<\/td><\/tr><tr><td>Moteur de la demande<\/td><td>Flux internationaux et momentum<\/td><td>Institutions publiques et culturelles<\/td><\/tr><tr><td>Historique de donn\u00e9es<\/td><td>Long et bien document\u00e9<\/td><td>Plus r\u00e9cent sur le segment r\u00e9sidentiel<\/td><\/tr><tr><td>Profil d&#8217;investisseur<\/td><td>Rendement locatif, rotation plus rapide<\/td><td>Diversification patrimoniale, haut de gamme<\/td><\/tr><\/tbody><\/table><\/figure>\n\n\n\n<p class=\"wp-block-paragraph\">Saadiyat s&#8217;adresse \u00e0 l&#8217;investisseur qui recherche un emplacement rare et raisonne sur dix ans. L&#8217;attrait du quartier tient \u00e0 la pr\u00e9sence des grandes institutions culturelles de l&#8217;\u00e9mirat, d\u00e9j\u00e0 ouvertes ou engag\u00e9es. Pour une premi\u00e8re acquisition orient\u00e9e rendement imm\u00e9diat, <a href=\"https:\/\/inn-vesta.com\/fr\/investir-dubai-2026-opportunites-avenir\/\">Duba\u00ef reste le terrain naturel<\/a> et nous y orientons nos clients sans h\u00e9siter. Pour diversifier un patrimoine, Saadiyat m\u00e9rite sa place dans la r\u00e9flexion.<\/p>\n\n\n\n<h2 class=\"wp-block-heading\">Comment aborder la premi\u00e8re phase de commercialisation ?<\/h2>\n\n\n\n<p class=\"wp-block-paragraph\">La premi\u00e8re phase m\u00e9rite votre attention pour deux raisons. Elle fixe la r\u00e9f\u00e9rence de prix sur laquelle les tranches suivantes seront cal\u00e9es, et elle porte les emplacements d\u00e9j\u00e0 arr\u00eat\u00e9s sur le plan d&#8217;ensemble, ceux dont l&#8217;exposition et la vue sont connues.<\/p>\n\n\n\n<p class=\"wp-block-paragraph\">Quatre param\u00e8tres font ensuite l&#8217;essentiel de l&#8217;\u00e9cart entre deux acquisitions dans le m\u00eame programme.<\/p>\n\n\n\n<ol class=\"wp-block-list innvesta-number-list\">\n    \n    <li>\n        <strong>Le choix de l&#8217;unit\u00e9<\/strong>\n        <span>\u00c9tage, orientation, exposition et position dans le quartier d\u00e9terminent l&#8217;\u00e9cart de valeur \u00e0 la revente, souvent davantage que le prix affich\u00e9 au moment du lancement.<\/span>\n    <\/li>\n    \n\n    \n    <li>\n        <strong>Le prix rapport\u00e9 au quartier<\/strong>\n        <span>Les transactions r\u00e9centes de Saadiyat Beach, Saadiyat Grove et Mamsha Al Saadiyat donnent une r\u00e9f\u00e9rence au pied carr\u00e9 sur des biens d\u00e9j\u00e0 livr\u00e9s. C&#8217;est le seul point de comparaison s\u00e9rieux.<\/span>\n    <\/li>\n    \n\n    \n    <li>\n        <strong>Le plan de paiement<\/strong>\n        <span>L&#8217;\u00e9chelonnement pendant la construction et la part due \u00e0 la livraison modifient le capital r\u00e9ellement mobilis\u00e9. Deux unit\u00e9s au m\u00eame prix n&#8217;engagent pas le m\u00eame effort.<\/span>\n    <\/li>\n    \n\n    \n    <li>\n        <strong>La tranche retenue<\/strong>\n        <span>Elle d\u00e9termine \u00e0 la fois la date de remise de votre bien et l&#8217;\u00e9tat du quartier au moment o\u00f9 vous en recevrez les cl\u00e9s.<\/span>\n    <\/li>\n    \n<\/ol>\n\n\n\n<p class=\"wp-block-paragraph\">Un point m\u00e9rite d&#8217;\u00eatre rappel\u00e9, car il rassure \u00e0 juste titre. Aux \u00c9mirats, les contrats de vente sont largement standardis\u00e9s et encadr\u00e9s par les autorit\u00e9s locales, avec des m\u00e9canismes de protection comme les comptes s\u00e9questres. La qualit\u00e9 d&#8217;une acquisition ne se joue donc pas dans les clauses du contrat, mais dans les quatre param\u00e8tres ci-dessus.<\/p>\n\n\n\n<h2 class=\"wp-block-heading\">Comment se pr\u00e9parer avant l&#8217;ouverture des ventes<\/h2>\n\n\n\n<p class=\"wp-block-paragraph\">Sur un projet de cette nature, la difficult\u00e9 ne tient ni au contrat, qui est standardis\u00e9, ni \u00e0 la solidit\u00e9 du promoteur, qui est \u00e9tablie. Elle tient au choix de la phase, \u00e0 la position dans le plan d&#8217;ensemble et au moment o\u00f9 l&#8217;on entre.<\/p>\n\n\n\n<p class=\"wp-block-paragraph\">Ces trois questions se travaillent avant l&#8217;ouverture des ventes. Une fois la tranche lanc\u00e9e, les meilleures positions partent vite et il reste peu de temps pour comparer.<\/p>\n\n\n\n<p class=\"wp-block-paragraph\">Chez Innvesta, install\u00e9e aux \u00c9mirats et fond\u00e9e par trois entrepreneurs fran\u00e7ais, nous suivons ces lancements phase apr\u00e8s phase depuis plusieurs ann\u00e9es. Nous avons vu comment ces communaut\u00e9s planifi\u00e9es se remplissent, et nous partageons cette lecture avec nos clients avant qu&#8217;ils s&#8217;engagent. Certains projets m\u00e9ritent qu&#8217;on se positionne d\u00e8s l&#8217;ouverture, d&#8217;autres qu&#8217;on attende la tranche suivante.<\/p>\n\n\n\n<p class=\"wp-block-paragraph\">O\u00f9 se situe Marsa Al Saadiyat dans cette lecture, et quelle phase nous para\u00eet la plus int\u00e9ressante : c&#8217;est ce dont nous discutons avec les investisseurs qui nous \u00e9crivent.<\/p>\n\n\n\n<p class=\"wp-block-paragraph\">L&#8217;acquisition est ouverte aux \u00e9trangers dans les zones d&#8217;investissement d&#8217;Abu Dhabi, dont Saadiyat fait partie, et peut ouvrir droit \u00e0 un visa de r\u00e9sidence selon le montant engag\u00e9. Nous d\u00e9taillons ces m\u00e9canismes dans notre <a href=\"https:\/\/inn-vesta.com\/fr\/guide-complet-des-visas-de-residence-pour-les-investisseurs-a-dubai\/\">guide des visas pour investisseurs<\/a>.<\/p>\n\n\n\n<div class=\"wp-block-group innvesta-tip-box\"><div class=\"wp-block-group__inner-container is-layout-constrained wp-block-group-is-layout-constrained\">\n    \n    <p class=\"innvesta-box-label wp-block-paragraph\">Demandez notre analyse du projet<\/p>\n    \n\n    \n    <p class=\"wp-block-paragraph\">Nous suivons la commercialisation de Marsa Al Saadiyat phase apr\u00e8s phase. Pour savoir o\u00f9 se situe le projet dans notre lecture et quelle tranche nous para\u00eet la plus int\u00e9ressante, <a href=\"https:\/\/inn-vesta.com\/fr\/contactez-nous\/\">\u00e9crivez-nous<\/a>.<\/p>\n    \n<\/div><\/div>\n\n\n\n<h2 class=\"wp-block-heading\">Questions fr\u00e9quentes<\/h2>\n\n\n\n<div class=\"wp-block-group innvesta-faq\"><div class=\"wp-block-group__inner-container is-layout-flow wp-block-group-is-layout-flow\">\n<details class=\"wp-block-details innvesta-faq-item is-layout-flow wp-block-details-is-layout-flow\"><summary>Quand pourra-t-on acheter \u00e0 Marsa Al Saadiyat ?<\/summary>\n<p class=\"wp-block-paragraph\">Aldar annonce les premi\u00e8res ventes r\u00e9sidentielles pour le second semestre 2026 et les travaux d&#8217;infrastructure pour le troisi\u00e8me trimestre. D&#8217;autres phases suivront, un masterplan de cette taille se commercialisant par tranches successives sur plusieurs ann\u00e9es.<\/p>\n<\/details>\n\n\n\n<details class=\"wp-block-details innvesta-faq-item is-layout-flow wp-block-details-is-layout-flow\"><summary>Qu&#8217;est-ce que Dar al Funoon ?<\/summary>\n<p class=\"wp-block-paragraph\">Une institution de spectacle vivant de plus de 6 000 places, r\u00e9partie en quatre salles, dessin\u00e9e par l&#8217;agence de Frank Gehry et port\u00e9e par le Department of Culture and Tourism d&#8217;Abu Dhabi. Son ouverture est pr\u00e9vue en 2030.<\/p>\n<\/details>\n\n\n\n<details class=\"wp-block-details innvesta-faq-item is-layout-flow wp-block-details-is-layout-flow\"><summary>Quel est le lien entre les deux projets ?<\/summary>\n<p class=\"wp-block-paragraph\">Dar al Funoon se situe \u00e0 l&#8217;int\u00e9rieur du p\u00e9rim\u00e8tre de Marsa Al Saadiyat et en constituera le p\u00f4le culturel. Les deux annonces rel\u00e8vent du m\u00eame mouvement, \u00e0 un mois d&#8217;intervalle.<\/p>\n<\/details>\n\n\n\n<details class=\"wp-block-details innvesta-faq-item is-layout-flow wp-block-details-is-layout-flow\"><summary>Un \u00e9tranger peut-il acheter sur Saadiyat ?<\/summary>\n<p class=\"wp-block-paragraph\">Oui. Saadiyat fait partie des zones d&#8217;investissement d&#8217;Abu Dhabi ouvertes \u00e0 la propri\u00e9t\u00e9 \u00e9trang\u00e8re, et l&#8217;acquisition peut ouvrir droit \u00e0 un <a href=\"https:\/\/inn-vesta.com\/fr\/guide-complet-des-visas-de-residence-pour-les-investisseurs-a-dubai\/\">visa de r\u00e9sidence<\/a> selon les seuils en vigueur.<\/p>\n<\/details>\n\n\n\n<details class=\"wp-block-details innvesta-faq-item is-layout-flow wp-block-details-is-layout-flow\"><summary>Faut-il acheter d\u00e8s la premi\u00e8re phase ?<\/summary>\n<p class=\"wp-block-paragraph\">Cela d\u00e9pend du projet et de la position propos\u00e9e. La premi\u00e8re phase fixe la r\u00e9f\u00e9rence de prix et offre les emplacements les mieux d\u00e9finis, mais toutes les tranches ne se valent pas. <a href=\"https:\/\/inn-vesta.com\/fr\/contactez-nous\/\">\u00c9crivez-nous<\/a> pour savoir ce que nous en pensons sur Marsa Al Saadiyat.<\/p>\n<\/details>\n\n\n\n<details class=\"wp-block-details innvesta-faq-item is-layout-flow wp-block-details-is-layout-flow\"><summary>Comment se pr\u00e9parer avant la premi\u00e8re phase ?<\/summary>\n<p class=\"wp-block-paragraph\">En r\u00e9unissant les transactions comparables du quartier et en regardant les programmes voisins avant l&#8217;ouverture de la tranche. Nous suivons ces mises en march\u00e9 phase apr\u00e8s phase : <a href=\"https:\/\/inn-vesta.com\/fr\/contactez-nous\/\">demandez notre analyse<\/a> de Marsa Al Saadiyat.<\/p>\n<\/details>\n<\/div><\/div>\n\n\n\n<h2 class=\"wp-block-heading\">Sources<\/h2>\n\n\n\n<p class=\"wp-block-paragraph\">Sources : Aldar Properties, Bureau des m\u00e9dias d&#8217;Abu Dhabi, Department of Culture and Tourism, Gulf News, Gulf Business, The National.<\/p>\n\n","protected":false},"excerpt":{"rendered":"<p>Aldar a pr\u00e9sent\u00e9 le 22 juillet 2026 Marsa Al Saadiyat, un quartier de 6,4 millions de m\u00e8tres carr\u00e9s sur l&#8217;\u00eele de Saadiyat, \u00e0 Abu Dhabi. L&#8217;enveloppe annonc\u00e9e atteint 100 milliards de dirhams et le programme pr\u00e9voit d&#8217;accueillir plus de 58 000 habitants. Un mois plus t\u00f4t, le 25 juin, le chantier de Dar al Funoon [&hellip;]<\/p>\n","protected":false},"author":20,"featured_media":22989,"comment_status":"closed","ping_status":"closed","sticky":false,"template":"","format":"standard","meta":{"_acf_changed":false,"author_name":"Innvesta Dubai","author_description":"","author_image":"","linkedin_link":"","market":"Abu Dhabi, UAE","reading_time":"10 min de lecture","footnotes":""},"categories":[360,359],"tags":[],"class_list":["post-22984","post","type-post","status-publish","format-standard","has-post-thumbnail","hentry","category-actualites","category-investissements"],"acf":[],"yoast_head":"<!-- This site is optimized with the Yoast SEO plugin v28.0 - https:\/\/yoast.com\/product\/yoast-seo-wordpress\/ -->\n<title>Marsa Al Saadiyat : le projet \u00e0 100 Md AED d\u00e9crypt\u00e9<\/title>\n<meta name=\"description\" content=\"Aldar lance Marsa Al Saadiyat sur l&#039;\u00eele de Saadiyat : 100 Md AED, 58 000 habitants, premi\u00e8res ventes au second semestre 2026. Notre analyse.\" \/>\n<meta name=\"robots\" content=\"index, follow, max-snippet:-1, max-image-preview:large, max-video-preview:-1\" \/>\n<meta property=\"og:locale\" content=\"fr_FR\" \/>\n<meta property=\"og:type\" content=\"article\" \/>\n<meta property=\"og:title\" content=\"Marsa Al Saadiyat : le projet \u00e0 100 Md AED d\u00e9crypt\u00e9\" \/>\n<meta property=\"og:description\" content=\"Aldar lance Marsa Al Saadiyat sur l&#039;\u00eele de Saadiyat : 100 Md AED, 58 000 habitants, premi\u00e8res ventes au second semestre 2026. Notre analyse.\" \/>\n<meta property=\"og:url\" content=\"https:\/\/inn-vesta.com\/fr\/marsa-al-saadiyat-le-projet-a-100-md-aed-decrypte\/\" \/>\n<meta property=\"og:site_name\" content=\"Innvesta\" \/>\n<meta property=\"article:published_time\" content=\"2026-08-21T13:43:34+00:00\" \/>\n<meta property=\"article:modified_time\" content=\"2026-08-21T17:40:41+00:00\" \/>\n<meta property=\"og:image\" content=\"https:\/\/inn-vesta.com\/wp-content\/uploads\/Marsa-Al-sadiyat-1.jpeg\" \/>\n\t<meta property=\"og:image:width\" content=\"1024\" \/>\n\t<meta property=\"og:image:height\" content=\"683\" \/>\n\t<meta property=\"og:image:type\" content=\"image\/jpeg\" \/>\n<meta name=\"author\" content=\"Thomas\" \/>\n<meta name=\"twitter:card\" content=\"summary_large_image\" \/>\n<meta name=\"twitter:label1\" content=\"\u00c9crit par\" \/>\n\t<meta name=\"twitter:data1\" content=\"Thomas\" \/>\n\t<meta name=\"twitter:label2\" content=\"Dur\u00e9e de lecture estim\u00e9e\" \/>\n\t<meta name=\"twitter:data2\" content=\"9 minutes\" \/>\n<script type=\"application\/ld+json\" class=\"yoast-schema-graph\">{\"@context\":\"https:\\\/\\\/schema.org\",\"@graph\":[{\"@type\":\"Article\",\"@id\":\"https:\\\/\\\/inn-vesta.com\\\/fr\\\/marsa-al-saadiyat-le-projet-a-100-md-aed-decrypte\\\/#article\",\"isPartOf\":{\"@id\":\"https:\\\/\\\/inn-vesta.com\\\/fr\\\/marsa-al-saadiyat-le-projet-a-100-md-aed-decrypte\\\/\"},\"author\":{\"name\":\"Thomas\",\"@id\":\"https:\\\/\\\/inn-vesta.com\\\/fr\\\/#\\\/schema\\\/person\\\/b5f8a8d7d601360aa003ef889d3db712\"},\"headline\":\"Marsa Al Saadiyat : le projet \u00e0 100 Md AED d\u00e9crypt\u00e9\",\"datePublished\":\"2026-08-21T13:43:34+00:00\",\"dateModified\":\"2026-08-21T17:40:41+00:00\",\"mainEntityOfPage\":{\"@id\":\"https:\\\/\\\/inn-vesta.com\\\/fr\\\/marsa-al-saadiyat-le-projet-a-100-md-aed-decrypte\\\/\"},\"wordCount\":1835,\"publisher\":{\"@id\":\"https:\\\/\\\/inn-vesta.com\\\/fr\\\/#organization\"},\"image\":{\"@id\":\"https:\\\/\\\/inn-vesta.com\\\/fr\\\/marsa-al-saadiyat-le-projet-a-100-md-aed-decrypte\\\/#primaryimage\"},\"thumbnailUrl\":\"https:\\\/\\\/inn-vesta.com\\\/wp-content\\\/uploads\\\/Marsa-Al-sadiyat-1.jpeg\",\"articleSection\":[\"Actualit\u00e9s\",\"Investissements\"],\"inLanguage\":\"fr-FR\"},{\"@type\":\"WebPage\",\"@id\":\"https:\\\/\\\/inn-vesta.com\\\/fr\\\/marsa-al-saadiyat-le-projet-a-100-md-aed-decrypte\\\/\",\"url\":\"https:\\\/\\\/inn-vesta.com\\\/fr\\\/marsa-al-saadiyat-le-projet-a-100-md-aed-decrypte\\\/\",\"name\":\"Marsa Al Saadiyat : le projet \u00e0 100 Md AED d\u00e9crypt\u00e9\",\"isPartOf\":{\"@id\":\"https:\\\/\\\/inn-vesta.com\\\/fr\\\/#website\"},\"primaryImageOfPage\":{\"@id\":\"https:\\\/\\\/inn-vesta.com\\\/fr\\\/marsa-al-saadiyat-le-projet-a-100-md-aed-decrypte\\\/#primaryimage\"},\"image\":{\"@id\":\"https:\\\/\\\/inn-vesta.com\\\/fr\\\/marsa-al-saadiyat-le-projet-a-100-md-aed-decrypte\\\/#primaryimage\"},\"thumbnailUrl\":\"https:\\\/\\\/inn-vesta.com\\\/wp-content\\\/uploads\\\/Marsa-Al-sadiyat-1.jpeg\",\"datePublished\":\"2026-08-21T13:43:34+00:00\",\"dateModified\":\"2026-08-21T17:40:41+00:00\",\"description\":\"Aldar lance Marsa Al Saadiyat sur l'\u00eele de Saadiyat : 100 Md AED, 58 000 habitants, premi\u00e8res ventes au second semestre 2026. Notre analyse.\",\"breadcrumb\":{\"@id\":\"https:\\\/\\\/inn-vesta.com\\\/fr\\\/marsa-al-saadiyat-le-projet-a-100-md-aed-decrypte\\\/#breadcrumb\"},\"inLanguage\":\"fr-FR\",\"potentialAction\":[{\"@type\":\"ReadAction\",\"target\":[\"https:\\\/\\\/inn-vesta.com\\\/fr\\\/marsa-al-saadiyat-le-projet-a-100-md-aed-decrypte\\\/\"]}]},{\"@type\":\"ImageObject\",\"inLanguage\":\"fr-FR\",\"@id\":\"https:\\\/\\\/inn-vesta.com\\\/fr\\\/marsa-al-saadiyat-le-projet-a-100-md-aed-decrypte\\\/#primaryimage\",\"url\":\"https:\\\/\\\/inn-vesta.com\\\/wp-content\\\/uploads\\\/Marsa-Al-sadiyat-1.jpeg\",\"contentUrl\":\"https:\\\/\\\/inn-vesta.com\\\/wp-content\\\/uploads\\\/Marsa-Al-sadiyat-1.jpeg\",\"width\":1024,\"height\":683,\"caption\":\"Marsa Al Saadiyat, futur front de mer d'Aldar sur l'\u00eele de Saadiyat \u00e0 Abu Dhabi\"},{\"@type\":\"BreadcrumbList\",\"@id\":\"https:\\\/\\\/inn-vesta.com\\\/fr\\\/marsa-al-saadiyat-le-projet-a-100-md-aed-decrypte\\\/#breadcrumb\",\"itemListElement\":[{\"@type\":\"ListItem\",\"position\":1,\"name\":\"Innvesta Dubai\",\"item\":\"https:\\\/\\\/inn-vesta.com\\\/fr\\\/\"},{\"@type\":\"ListItem\",\"position\":2,\"name\":\"Marsa Al Saadiyat : le projet \u00e0 100 Md AED d\u00e9crypt\u00e9\"}]},{\"@type\":\"WebSite\",\"@id\":\"https:\\\/\\\/inn-vesta.com\\\/fr\\\/#website\",\"url\":\"https:\\\/\\\/inn-vesta.com\\\/fr\\\/\",\"name\":\"Innvesta Dubai\",\"description\":\"Votre partenaire francophone en immobilier a Dubai\",\"publisher\":{\"@id\":\"https:\\\/\\\/inn-vesta.com\\\/fr\\\/#organization\"},\"potentialAction\":[{\"@type\":\"SearchAction\",\"target\":{\"@type\":\"EntryPoint\",\"urlTemplate\":\"https:\\\/\\\/inn-vesta.com\\\/fr\\\/?s={search_term_string}\"},\"query-input\":{\"@type\":\"PropertyValueSpecification\",\"valueRequired\":true,\"valueName\":\"search_term_string\"}}],\"inLanguage\":\"fr-FR\"},{\"@type\":\"Organization\",\"@id\":\"https:\\\/\\\/inn-vesta.com\\\/fr\\\/#organization\",\"name\":\"Innvesta Dubai\",\"url\":\"https:\\\/\\\/inn-vesta.com\\\/fr\\\/\",\"logo\":{\"@type\":\"ImageObject\",\"inLanguage\":\"fr-FR\",\"@id\":\"https:\\\/\\\/inn-vesta.com\\\/fr\\\/#\\\/schema\\\/logo\\\/image\\\/\",\"url\":\"https:\\\/\\\/inn-vesta.com\\\/wp-content\\\/uploads\\\/site-black-logo-svg.svg\",\"contentUrl\":\"https:\\\/\\\/inn-vesta.com\\\/wp-content\\\/uploads\\\/site-black-logo-svg.svg\",\"width\":4140,\"height\":1294,\"caption\":\"Innvesta Dubai\"},\"image\":{\"@id\":\"https:\\\/\\\/inn-vesta.com\\\/fr\\\/#\\\/schema\\\/logo\\\/image\\\/\"}},{\"@type\":\"Person\",\"@id\":\"https:\\\/\\\/inn-vesta.com\\\/fr\\\/#\\\/schema\\\/person\\\/b5f8a8d7d601360aa003ef889d3db712\",\"name\":\"Thomas\",\"image\":{\"@type\":\"ImageObject\",\"inLanguage\":\"fr-FR\",\"@id\":\"https:\\\/\\\/secure.gravatar.com\\\/avatar\\\/0c2c92cf6dbad243dc4208db64c60aeb1d22dc51b19d5e0518445e80fa4f95c5?s=96&d=mm&r=g\",\"url\":\"https:\\\/\\\/secure.gravatar.com\\\/avatar\\\/0c2c92cf6dbad243dc4208db64c60aeb1d22dc51b19d5e0518445e80fa4f95c5?s=96&d=mm&r=g\",\"contentUrl\":\"https:\\\/\\\/secure.gravatar.com\\\/avatar\\\/0c2c92cf6dbad243dc4208db64c60aeb1d22dc51b19d5e0518445e80fa4f95c5?s=96&d=mm&r=g\",\"caption\":\"Thomas\"}}]}<\/script>\n<!-- \/ Yoast SEO plugin. -->","yoast_head_json":{"title":"Marsa Al Saadiyat : le projet \u00e0 100 Md AED d\u00e9crypt\u00e9","description":"Aldar lance Marsa Al Saadiyat sur l'\u00eele de Saadiyat : 100 Md AED, 58 000 habitants, premi\u00e8res ventes au second semestre 2026. Notre analyse.","robots":{"index":"index","follow":"follow","max-snippet":"max-snippet:-1","max-image-preview":"max-image-preview:large","max-video-preview":"max-video-preview:-1"},"og_locale":"fr_FR","og_type":"article","og_title":"Marsa Al Saadiyat : le projet \u00e0 100 Md AED d\u00e9crypt\u00e9","og_description":"Aldar lance Marsa Al Saadiyat sur l'\u00eele de Saadiyat : 100 Md AED, 58 000 habitants, premi\u00e8res ventes au second semestre 2026. Notre analyse.","og_url":"https:\/\/inn-vesta.com\/fr\/marsa-al-saadiyat-le-projet-a-100-md-aed-decrypte\/","og_site_name":"Innvesta","article_published_time":"2026-08-21T13:43:34+00:00","article_modified_time":"2026-08-21T17:40:41+00:00","og_image":[{"width":1024,"height":683,"url":"https:\/\/inn-vesta.com\/wp-content\/uploads\/Marsa-Al-sadiyat-1.jpeg","type":"image\/jpeg"}],"author":"Thomas","twitter_card":"summary_large_image","twitter_misc":{"\u00c9crit par":"Thomas","Dur\u00e9e de lecture estim\u00e9e":"9 minutes"},"schema":{"@context":"https:\/\/schema.org","@graph":[{"@type":"Article","@id":"https:\/\/inn-vesta.com\/fr\/marsa-al-saadiyat-le-projet-a-100-md-aed-decrypte\/#article","isPartOf":{"@id":"https:\/\/inn-vesta.com\/fr\/marsa-al-saadiyat-le-projet-a-100-md-aed-decrypte\/"},"author":{"name":"Thomas","@id":"https:\/\/inn-vesta.com\/fr\/#\/schema\/person\/b5f8a8d7d601360aa003ef889d3db712"},"headline":"Marsa Al Saadiyat : le projet \u00e0 100 Md AED d\u00e9crypt\u00e9","datePublished":"2026-08-21T13:43:34+00:00","dateModified":"2026-08-21T17:40:41+00:00","mainEntityOfPage":{"@id":"https:\/\/inn-vesta.com\/fr\/marsa-al-saadiyat-le-projet-a-100-md-aed-decrypte\/"},"wordCount":1835,"publisher":{"@id":"https:\/\/inn-vesta.com\/fr\/#organization"},"image":{"@id":"https:\/\/inn-vesta.com\/fr\/marsa-al-saadiyat-le-projet-a-100-md-aed-decrypte\/#primaryimage"},"thumbnailUrl":"https:\/\/inn-vesta.com\/wp-content\/uploads\/Marsa-Al-sadiyat-1.jpeg","articleSection":["Actualit\u00e9s","Investissements"],"inLanguage":"fr-FR"},{"@type":"WebPage","@id":"https:\/\/inn-vesta.com\/fr\/marsa-al-saadiyat-le-projet-a-100-md-aed-decrypte\/","url":"https:\/\/inn-vesta.com\/fr\/marsa-al-saadiyat-le-projet-a-100-md-aed-decrypte\/","name":"Marsa Al Saadiyat : le projet \u00e0 100 Md AED d\u00e9crypt\u00e9","isPartOf":{"@id":"https:\/\/inn-vesta.com\/fr\/#website"},"primaryImageOfPage":{"@id":"https:\/\/inn-vesta.com\/fr\/marsa-al-saadiyat-le-projet-a-100-md-aed-decrypte\/#primaryimage"},"image":{"@id":"https:\/\/inn-vesta.com\/fr\/marsa-al-saadiyat-le-projet-a-100-md-aed-decrypte\/#primaryimage"},"thumbnailUrl":"https:\/\/inn-vesta.com\/wp-content\/uploads\/Marsa-Al-sadiyat-1.jpeg","datePublished":"2026-08-21T13:43:34+00:00","dateModified":"2026-08-21T17:40:41+00:00","description":"Aldar lance Marsa Al Saadiyat sur l'\u00eele de Saadiyat : 100 Md AED, 58 000 habitants, premi\u00e8res ventes au second semestre 2026. Notre analyse.","breadcrumb":{"@id":"https:\/\/inn-vesta.com\/fr\/marsa-al-saadiyat-le-projet-a-100-md-aed-decrypte\/#breadcrumb"},"inLanguage":"fr-FR","potentialAction":[{"@type":"ReadAction","target":["https:\/\/inn-vesta.com\/fr\/marsa-al-saadiyat-le-projet-a-100-md-aed-decrypte\/"]}]},{"@type":"ImageObject","inLanguage":"fr-FR","@id":"https:\/\/inn-vesta.com\/fr\/marsa-al-saadiyat-le-projet-a-100-md-aed-decrypte\/#primaryimage","url":"https:\/\/inn-vesta.com\/wp-content\/uploads\/Marsa-Al-sadiyat-1.jpeg","contentUrl":"https:\/\/inn-vesta.com\/wp-content\/uploads\/Marsa-Al-sadiyat-1.jpeg","width":1024,"height":683,"caption":"Marsa Al Saadiyat, futur front de mer d'Aldar sur l'\u00eele de Saadiyat \u00e0 Abu Dhabi"},{"@type":"BreadcrumbList","@id":"https:\/\/inn-vesta.com\/fr\/marsa-al-saadiyat-le-projet-a-100-md-aed-decrypte\/#breadcrumb","itemListElement":[{"@type":"ListItem","position":1,"name":"Innvesta Dubai","item":"https:\/\/inn-vesta.com\/fr\/"},{"@type":"ListItem","position":2,"name":"Marsa Al Saadiyat : le projet \u00e0 100 Md AED d\u00e9crypt\u00e9"}]},{"@type":"WebSite","@id":"https:\/\/inn-vesta.com\/fr\/#website","url":"https:\/\/inn-vesta.com\/fr\/","name":"Innvesta Dubai","description":"Votre partenaire francophone en immobilier a Dubai","publisher":{"@id":"https:\/\/inn-vesta.com\/fr\/#organization"},"potentialAction":[{"@type":"SearchAction","target":{"@type":"EntryPoint","urlTemplate":"https:\/\/inn-vesta.com\/fr\/?s={search_term_string}"},"query-input":{"@type":"PropertyValueSpecification","valueRequired":true,"valueName":"search_term_string"}}],"inLanguage":"fr-FR"},{"@type":"Organization","@id":"https:\/\/inn-vesta.com\/fr\/#organization","name":"Innvesta Dubai","url":"https:\/\/inn-vesta.com\/fr\/","logo":{"@type":"ImageObject","inLanguage":"fr-FR","@id":"https:\/\/inn-vesta.com\/fr\/#\/schema\/logo\/image\/","url":"https:\/\/inn-vesta.com\/wp-content\/uploads\/site-black-logo-svg.svg","contentUrl":"https:\/\/inn-vesta.com\/wp-content\/uploads\/site-black-logo-svg.svg","width":4140,"height":1294,"caption":"Innvesta Dubai"},"image":{"@id":"https:\/\/inn-vesta.com\/fr\/#\/schema\/logo\/image\/"}},{"@type":"Person","@id":"https:\/\/inn-vesta.com\/fr\/#\/schema\/person\/b5f8a8d7d601360aa003ef889d3db712","name":"Thomas","image":{"@type":"ImageObject","inLanguage":"fr-FR","@id":"https:\/\/secure.gravatar.com\/avatar\/0c2c92cf6dbad243dc4208db64c60aeb1d22dc51b19d5e0518445e80fa4f95c5?s=96&d=mm&r=g","url":"https:\/\/secure.gravatar.com\/avatar\/0c2c92cf6dbad243dc4208db64c60aeb1d22dc51b19d5e0518445e80fa4f95c5?s=96&d=mm&r=g","contentUrl":"https:\/\/secure.gravatar.com\/avatar\/0c2c92cf6dbad243dc4208db64c60aeb1d22dc51b19d5e0518445e80fa4f95c5?s=96&d=mm&r=g","caption":"Thomas"}}]}},"_links":{"self":[{"href":"https:\/\/inn-vesta.com\/fr\/wp-json\/wp\/v2\/posts\/22984","targetHints":{"allow":["GET"]}}],"collection":[{"href":"https:\/\/inn-vesta.com\/fr\/wp-json\/wp\/v2\/posts"}],"about":[{"href":"https:\/\/inn-vesta.com\/fr\/wp-json\/wp\/v2\/types\/post"}],"author":[{"embeddable":true,"href":"https:\/\/inn-vesta.com\/fr\/wp-json\/wp\/v2\/users\/20"}],"replies":[{"embeddable":true,"href":"https:\/\/inn-vesta.com\/fr\/wp-json\/wp\/v2\/comments?post=22984"}],"version-history":[{"count":4,"href":"https:\/\/inn-vesta.com\/fr\/wp-json\/wp\/v2\/posts\/22984\/revisions"}],"predecessor-version":[{"id":22996,"href":"https:\/\/inn-vesta.com\/fr\/wp-json\/wp\/v2\/posts\/22984\/revisions\/22996"}],"wp:featuredmedia":[{"embeddable":true,"href":"https:\/\/inn-vesta.com\/fr\/wp-json\/wp\/v2\/media\/22989"}],"wp:attachment":[{"href":"https:\/\/inn-vesta.com\/fr\/wp-json\/wp\/v2\/media?parent=22984"}],"wp:term":[{"taxonomy":"category","embeddable":true,"href":"https:\/\/inn-vesta.com\/fr\/wp-json\/wp\/v2\/categories?post=22984"},{"taxonomy":"post_tag","embeddable":true,"href":"https:\/\/inn-vesta.com\/fr\/wp-json\/wp\/v2\/tags?post=22984"}],"curies":[{"name":"wp","href":"https:\/\/api.w.org\/{rel}","templated":true}]}}